{"id":996,"date":"2026-04-21T16:49:21","date_gmt":"2026-04-21T21:49:21","guid":{"rendered":"https:\/\/clavet.org\/blog1\/?p=996"},"modified":"2026-04-21T16:49:23","modified_gmt":"2026-04-21T21:49:23","slug":"une-chanson-sur-le-travail-pour-mes-confreres","status":"publish","type":"post","link":"https:\/\/clavet.org\/blog1\/une-chanson-sur-le-travail-pour-mes-confreres\/","title":{"rendered":"Une chanson sur le travail pour mes confr\u00e8res&#8230;"},"content":{"rendered":"\n<figure class=\"wp-block-audio\"><audio controls src=\"https:\/\/clavet.org\/blog1\/wp-content\/uploads\/2026\/04\/Rapido-como-un-rayo.mp3\"><\/audio><\/figure>\n\n\n\n<p>J&#8217;ai \u00e9crit une chanson sur un gars qui se se voit travailler tr\u00e8s rapidement&#8230; Vite comme l&#8217;\u00e9clair avec des bouts comiques&#8230;<\/p>\n\n\n\n<p>J&#8217;esp\u00e8re que \u00e7a va faire sourire les coll\u00e8gues qui viennent de Bogota en Colombie et nos autres coll\u00e8gues qui parlent espagnol car j&#8217;ai fait la chanson en espagnol avec mon ami Suno&#8230;<\/p>\n\n\n\n<p>Voici les paroles en espagnol:<\/p>\n\n\n\n<blockquote class=\"wp-block-quote is-layout-flow wp-block-quote-is-layout-flow\">\n<p>Llego a la oficina, caf\u00e9 fr\u00edo, con la mente despejada<\/p>\n\n\n\n<p>Tengo cien archivos, pero soy bastante bueno<\/p>\n\n\n\n<p>Las pilas me llaman, les digo: &#8220;Que tengan un buen d\u00eda&#8221;<\/p>\n\n\n\n<p>Dos clics, tres trazos de pluma, ya est\u00e1 hecho, mira<\/p>\n\n\n\n<p>Paso una p\u00e1gina, desaparece en un instante<\/p>\n\n\n\n<p>El jefe parpadea, ha perdido la agenda y quiz\u00e1s hasta la dentadura postiza<\/p>\n\n\n\n<p>No soy lento, no, voy con mucha prisa, pero me tir\u00e9 un pedo\u2026<\/p>\n\n\n\n<p>Los formularios tiemblan cuando los archivo<\/p>\n\n\n\n<p>[Pre-Coro]<\/p>\n\n\n\n<p>\u00a1Ay, Dios m\u00edo, va volando!<\/p>\n\n\n\n<p>Gira, va volando<\/p>\n\n\n\n<p>Una grapa, y listo<\/p>\n\n\n\n<p>Todos est\u00e1n en llamas<\/p>\n\n\n\n<p>[Coro]<\/p>\n\n\n\n<p>R\u00e1pido como un rayo<\/p>\n\n\n\n<p>R\u00e1pido como un rayo<\/p>\n\n\n\n<p>El papeleo, eso fue ayer<\/p>\n\n\n\n<p>R\u00e1pido como un rayo<\/p>\n\n\n\n<p>Desdoblo, ordeno, doy la vuelta<\/p>\n\n\n\n<p>Se acaba en dos pasos, amigo m\u00edo<\/p>\n\n\n\n<p>R\u00e1pido como un rayo Rel\u00e1mpago<\/p>\n\n\n\n<p>R\u00e1pido como un rayo (\u00a1eh!)<\/p>\n\n\n\n<p>[Estrofa 2]<\/p>\n\n\n\n<p>Domino el arte de archivar, de desenredar al mil\u00edmetro<\/p>\n\n\n\n<p>Ordeno al segundo, sin tiempo para distracciones<\/p>\n\n\n\n<p>El vecino me dice &#8220;espera&#8221;, yo respondo &#8220;nunca&#8221;<\/p>\n\n\n\n<p>El esc\u00e1ner reza, yo ya termin\u00e9<\/p>\n\n\n\n<p>Las hojas vencidas, las atrapo al vuelo<\/p>\n\n\n\n<p>El archivo queda suspendido en el aire, yo lo devuelvo al suelo<\/p>\n\n\n\n<p>Me dicen &#8220;t\u00f3mate tu tiempo&#8221;, yo sonr\u00edo, yo digo &#8220;no, gracias&#8221;<\/p>\n\n\n\n<p>Nac\u00ed para los plazos, pero los plazos son cortos<\/p>\n\n\n\n<p>[Pre-Coro]<\/p>\n\n\n\n<p>Gira, arde<\/p>\n\n\n\n<p>Gira y se acumula<\/p>\n\n\n\n<p>Una pasada con la grapadora<\/p>\n\n\n\n<p>Y ya est\u00e1 listo<\/p>\n\n\n\n<p>[Coro]<\/p>\n\n\n\n<p>R\u00e1pido como un rayo<\/p>\n\n\n\n<p>R\u00e1pido como un rayo<\/p>\n\n\n\n<p>El papeleo, eso fue ayer<\/p>\n\n\n\n<p>R\u00e1pido como un rayo<\/p>\n\n\n\n<p>Desdoblo, ordeno, reviso todo<\/p>\n\n\n\n<p>En un instante, est\u00e1 Se acab\u00f3, mi amor<\/p>\n\n\n\n<p>R\u00e1pido como un rayo<\/p>\n\n\n\n<p>R\u00e1pido como un rayo (\u00a1eh!)<\/p>\n\n\n\n<p>[Puente]<\/p>\n\n\n\n<p>Y cuando el lunes grita demasiado fuerte<\/p>\n\n\n\n<p>Hago que el trabajo duro baile<\/p>\n\n\n\n<p>Una camisa, una pastilla, una sonrisa torcida<\/p>\n\n\n\n<p>El caos quiere ganar, pero ya lo he desplegado<\/p>\n\n\n\n<p>[Estribillo final]<\/p>\n\n\n\n<p>R\u00e1pido como un rayo<\/p>\n\n\n\n<p>R\u00e1pido como un rayo<\/p>\n\n\n\n<p>El papeleo, eso fue ayer<\/p>\n\n\n\n<p>R\u00e1pido como un rayo<\/p>\n\n\n\n<p>Doblo, ordeno, reviso todo<\/p>\n\n\n\n<p>En un instante, se acab\u00f3, mi amor<\/p>\n\n\n\n<p>R\u00e1pido como un rayo<\/p>\n\n\n\n<p>R\u00e1pido como un rayo (\u00a1s\u00ed!)<\/p>\n<\/blockquote>\n\n\n\n<p>Et voici les parole que j&#8217;ai compos\u00e9 en fran\u00e7ais:<\/p>\n\n\n\n<blockquote class=\"wp-block-quote is-layout-flow wp-block-quote-is-layout-flow\">\n<p>J\u2019arrive au bureau, caf\u00e9 froid, regard clair<\/p>\n\n\n\n<p>J\u2019ai cent dossiers, mais moi, j\u2019fais l\u2019affaire<\/p>\n\n\n\n<p>Les piles me font de l\u2019\u0153il, je leur dis \u00ab bonne et belle journ\u00e9e \u00bb<\/p>\n\n\n\n<p>Deux clics, trois coups de stylo, d\u00e9j\u00e0 c\u2019est fini, regarde<\/p>\n\n\n\n<p>Je tourne une page, \u00e7a part comme un \u00e9clair<\/p>\n\n\n\n<p>Le chef cligne des yeux, il a perdu l\u2019horaire et peut-\u00eatre son dentier<\/p>\n\n\n\n<p>Moi j\u2019suis pas lent, non, j\u2019suis carr\u00e9ment press\u00e9, mais j&#8217;ai p\u00e9t\u00e9\u2026<\/p>\n\n\n\n<p>Les formulaires tremblent quand je viens les classer<\/p>\n\n\n\n<p>[Pre-Chorus]<\/p>\n\n\n\n<p>Oh l\u00e0 l\u00e0, \u00e7a file<\/p>\n\n\n\n<p>\u00c7a tourne, \u00e7a d\u00e9file<\/p>\n\n\n\n<p>Une broche, et hop<\/p>\n\n\n\n<p>Tout le monde est \u00e0 bloc<\/p>\n\n\n\n<p>[Chorus]<\/p>\n\n\n\n<p>Rapide comme l\u2019\u00e9clair<\/p>\n\n\n\n<p>Rapide comme l\u2019\u00e9clair<\/p>\n\n\n\n<p>Les papiers, c\u2019est hier<\/p>\n\n\n\n<p>Rapide comme l\u2019\u00e9clair<\/p>\n\n\n\n<p>Je d\u00e9plie, je trie, j\u2019fais le tour<\/p>\n\n\n\n<p>En deux temps, c\u2019est fini, mon poulet<\/p>\n\n\n\n<p>Rapide comme l\u2019\u00e9clair<\/p>\n\n\n\n<p>Rapide comme l\u2019\u00e9clair (eh!)<\/p>\n\n\n\n<p>[Verse 2]<\/p>\n\n\n\n<p>J\u2019ai l\u2019art du dossier, du d\u00e9brochage au millim\u00e8tre<\/p>\n\n\n\n<p>Je trie \u00e0 la seconde, pas le temps de me distraire<\/p>\n\n\n\n<p>Le voisin me dit \u00ab attends \u00bb, je lui r\u00e9ponds \u00ab jamais \u00bb<\/p>\n\n\n\n<p>Le scan fait sa pri\u00e8re, moi j\u2019ai d\u00e9j\u00e0 boucl\u00e9<\/p>\n\n\n\n<p>Les feuilles en retard, je les rattrape au vol<\/p>\n\n\n\n<p>Le dossier pend en l\u2019air, moi je lui rends le sol<\/p>\n\n\n\n<p>On me dit \u00ab prends ton temps \u00bb, je souris, j\u2019fais \u00ab non merci \u00bb<\/p>\n\n\n\n<p>J\u2019suis n\u00e9 pour les d\u00e9lais, mais les d\u00e9lais sont petits<\/p>\n\n\n\n<p>[Pre-Chorus]<\/p>\n\n\n\n<p>\u00c7a tourne, \u00e7a br\u00fble<\/p>\n\n\n\n<p>\u00c7a tourne et \u00e7a s\u2019cumule<\/p>\n\n\n\n<p>Un coup de d\u00e9graffeuse<\/p>\n\n\n\n<p>Et c\u2019est d\u00e9j\u00e0 bon<\/p>\n\n\n\n<p>[Chorus]<\/p>\n\n\n\n<p>Rapide comme l\u2019\u00e9clair<\/p>\n\n\n\n<p>Rapide comme l\u2019\u00e9clair<\/p>\n\n\n\n<p>Les papiers, c\u2019est hier<\/p>\n\n\n\n<p>Rapide comme l\u2019\u00e9clair<\/p>\n\n\n\n<p>Je d\u00e9plie, je trie, j\u2019fais le tour<\/p>\n\n\n\n<p>En deux temps, c\u2019est fini, mon poulet<\/p>\n\n\n\n<p>Rapide comme l\u2019\u00e9clair<\/p>\n\n\n\n<p>Rapide comme l\u2019\u00e9clair (eh!)<\/p>\n\n\n\n<p>[Bridge]<\/p>\n\n\n\n<p>Et quand le lundi crie trop fort<\/p>\n\n\n\n<p>Moi je fais danser les gros efforts<\/p>\n\n\n\n<p>Une chemise, un cachet, un sourire en biais<\/p>\n\n\n\n<p>Le chaos veut gagner, mais je l\u2019ai d\u00e9j\u00e0 d\u00e9pli\u00e9<\/p>\n\n\n\n<p>[Final Chorus]<\/p>\n\n\n\n<p>Rapide comme l\u2019\u00e9clair<\/p>\n\n\n\n<p>Rapide comme l\u2019\u00e9clair<\/p>\n\n\n\n<p>Les papiers, c\u2019est hier<\/p>\n\n\n\n<p>Rapide comme l\u2019\u00e9clair<\/p>\n\n\n\n<p>Je plie, je trie, j\u2019fais le tour<\/p>\n\n\n\n<p>En deux temps, c\u2019est fini, mon amour<\/p>\n\n\n\n<p>Rapide comme l\u2019\u00e9clair<\/p>\n\n\n\n<p>Rapide comme l\u2019\u00e9clair (ouais!)<\/p>\n<\/blockquote>\n","protected":false},"excerpt":{"rendered":"<p>J&#8217;ai \u00e9crit une chanson sur un gars qui se se voit travailler tr\u00e8s rapidement&#8230; Vite comme l&#8217;\u00e9clair avec des bouts comiques&#8230; J&#8217;esp\u00e8re que \u00e7a va faire sourire les coll\u00e8gues qui viennent de Bogota en Colombie et nos autres coll\u00e8gues qui<\/p>\n","protected":false},"author":1,"featured_media":998,"comment_status":"open","ping_status":"open","sticky":false,"template":"","format":"standard","meta":{"footnotes":""},"categories":[49,54],"tags":[],"class_list":["post-996","post","type-post","status-publish","format-standard","has-post-thumbnail","hentry","category-intelligence-artificielle","category-musique-ai"],"yoast_head":"<!-- This site is optimized with the Yoast SEO plugin v27.5 - https:\/\/yoast.com\/product\/yoast-seo-wordpress\/ -->\n<title>Une chanson sur le travail pour mes confr\u00e8res... - Christian Clavet<\/title>\n<meta name=\"description\" content=\"Musique, spanish pop\" \/>\n<meta name=\"robots\" content=\"index, follow, max-snippet:-1, max-image-preview:large, max-video-preview:-1\" \/>\n<link rel=\"canonical\" href=\"https:\/\/clavet.org\/blog1\/une-chanson-sur-le-travail-pour-mes-confreres\/\" \/>\n<meta property=\"og:locale\" content=\"fr_FR\" \/>\n<meta property=\"og:type\" content=\"article\" \/>\n<meta property=\"og:title\" content=\"Une chanson sur le travail pour mes confr\u00e8res... - Christian Clavet\" \/>\n<meta property=\"og:description\" content=\"Musique, spanish pop\" \/>\n<meta property=\"og:url\" content=\"https:\/\/clavet.org\/blog1\/une-chanson-sur-le-travail-pour-mes-confreres\/\" \/>\n<meta property=\"og:site_name\" content=\"Christian Clavet\" \/>\n<meta property=\"article:published_time\" content=\"2026-04-21T21:49:21+00:00\" \/>\n<meta property=\"article:modified_time\" content=\"2026-04-21T21:49:23+00:00\" \/>\n<meta property=\"og:image\" content=\"https:\/\/clavet.org\/blog1\/wp-content\/uploads\/2026\/04\/Rapido-como-un-rayo-mp3-image.jpg\" \/>\n\t<meta property=\"og:image:width\" content=\"360\" \/>\n\t<meta property=\"og:image:height\" content=\"360\" \/>\n\t<meta property=\"og:image:type\" content=\"image\/jpeg\" \/>\n<meta name=\"author\" content=\"Christian Clavet\" \/>\n<meta name=\"twitter:card\" content=\"summary_large_image\" \/>\n<meta name=\"twitter:label1\" content=\"\u00c9crit par\" \/>\n\t<meta name=\"twitter:data1\" content=\"Christian Clavet\" \/>\n\t<meta name=\"twitter:label2\" content=\"Dur\u00e9e de lecture estim\u00e9e\" \/>\n\t<meta name=\"twitter:data2\" content=\"1 minute\" \/>\n<script type=\"application\/ld+json\" class=\"yoast-schema-graph\">{\"@context\":\"https:\\\/\\\/schema.org\",\"@graph\":[{\"@type\":\"Article\",\"@id\":\"https:\\\/\\\/clavet.org\\\/blog1\\\/une-chanson-sur-le-travail-pour-mes-confreres\\\/#article\",\"isPartOf\":{\"@id\":\"https:\\\/\\\/clavet.org\\\/blog1\\\/une-chanson-sur-le-travail-pour-mes-confreres\\\/\"},\"author\":{\"name\":\"Christian Clavet\",\"@id\":\"https:\\\/\\\/clavet.org\\\/blog1\\\/#\\\/schema\\\/person\\\/a46dfc50ff02f8dc37fd0b6f2e3a22c6\"},\"headline\":\"Une chanson sur le travail pour mes confr\u00e8res&#8230;\",\"datePublished\":\"2026-04-21T21:49:21+00:00\",\"dateModified\":\"2026-04-21T21:49:23+00:00\",\"mainEntityOfPage\":{\"@id\":\"https:\\\/\\\/clavet.org\\\/blog1\\\/une-chanson-sur-le-travail-pour-mes-confreres\\\/\"},\"wordCount\":835,\"commentCount\":0,\"publisher\":{\"@id\":\"https:\\\/\\\/clavet.org\\\/blog1\\\/#\\\/schema\\\/person\\\/a46dfc50ff02f8dc37fd0b6f2e3a22c6\"},\"image\":{\"@id\":\"https:\\\/\\\/clavet.org\\\/blog1\\\/une-chanson-sur-le-travail-pour-mes-confreres\\\/#primaryimage\"},\"thumbnailUrl\":\"https:\\\/\\\/clavet.org\\\/blog1\\\/wp-content\\\/uploads\\\/2026\\\/04\\\/Rapido-como-un-rayo-mp3-image.jpg\",\"articleSection\":[\"Intelligence artificielle (AI)\",\"Musique AI\"],\"inLanguage\":\"fr-FR\",\"potentialAction\":[{\"@type\":\"CommentAction\",\"name\":\"Comment\",\"target\":[\"https:\\\/\\\/clavet.org\\\/blog1\\\/une-chanson-sur-le-travail-pour-mes-confreres\\\/#respond\"]}]},{\"@type\":\"WebPage\",\"@id\":\"https:\\\/\\\/clavet.org\\\/blog1\\\/une-chanson-sur-le-travail-pour-mes-confreres\\\/\",\"url\":\"https:\\\/\\\/clavet.org\\\/blog1\\\/une-chanson-sur-le-travail-pour-mes-confreres\\\/\",\"name\":\"Une chanson sur le travail pour mes confr\u00e8res... - Christian Clavet\",\"isPartOf\":{\"@id\":\"https:\\\/\\\/clavet.org\\\/blog1\\\/#website\"},\"primaryImageOfPage\":{\"@id\":\"https:\\\/\\\/clavet.org\\\/blog1\\\/une-chanson-sur-le-travail-pour-mes-confreres\\\/#primaryimage\"},\"image\":{\"@id\":\"https:\\\/\\\/clavet.org\\\/blog1\\\/une-chanson-sur-le-travail-pour-mes-confreres\\\/#primaryimage\"},\"thumbnailUrl\":\"https:\\\/\\\/clavet.org\\\/blog1\\\/wp-content\\\/uploads\\\/2026\\\/04\\\/Rapido-como-un-rayo-mp3-image.jpg\",\"datePublished\":\"2026-04-21T21:49:21+00:00\",\"dateModified\":\"2026-04-21T21:49:23+00:00\",\"description\":\"Musique, spanish pop\",\"breadcrumb\":{\"@id\":\"https:\\\/\\\/clavet.org\\\/blog1\\\/une-chanson-sur-le-travail-pour-mes-confreres\\\/#breadcrumb\"},\"inLanguage\":\"fr-FR\",\"potentialAction\":[{\"@type\":\"ReadAction\",\"target\":[\"https:\\\/\\\/clavet.org\\\/blog1\\\/une-chanson-sur-le-travail-pour-mes-confreres\\\/\"]}]},{\"@type\":\"ImageObject\",\"inLanguage\":\"fr-FR\",\"@id\":\"https:\\\/\\\/clavet.org\\\/blog1\\\/une-chanson-sur-le-travail-pour-mes-confreres\\\/#primaryimage\",\"url\":\"https:\\\/\\\/clavet.org\\\/blog1\\\/wp-content\\\/uploads\\\/2026\\\/04\\\/Rapido-como-un-rayo-mp3-image.jpg\",\"contentUrl\":\"https:\\\/\\\/clavet.org\\\/blog1\\\/wp-content\\\/uploads\\\/2026\\\/04\\\/Rapido-como-un-rayo-mp3-image.jpg\",\"width\":360,\"height\":360,\"caption\":\"Rapide comme l'\u00e9clair\"},{\"@type\":\"BreadcrumbList\",\"@id\":\"https:\\\/\\\/clavet.org\\\/blog1\\\/une-chanson-sur-le-travail-pour-mes-confreres\\\/#breadcrumb\",\"itemListElement\":[{\"@type\":\"ListItem\",\"position\":1,\"name\":\"Accueil\",\"item\":\"https:\\\/\\\/clavet.org\\\/blog1\\\/\"},{\"@type\":\"ListItem\",\"position\":2,\"name\":\"Une chanson sur le travail pour mes confr\u00e8res&#8230;\"}]},{\"@type\":\"WebSite\",\"@id\":\"https:\\\/\\\/clavet.org\\\/blog1\\\/#website\",\"url\":\"https:\\\/\\\/clavet.org\\\/blog1\\\/\",\"name\":\"Christian Clavet\",\"description\":\"Blogue personnel\",\"publisher\":{\"@id\":\"https:\\\/\\\/clavet.org\\\/blog1\\\/#\\\/schema\\\/person\\\/a46dfc50ff02f8dc37fd0b6f2e3a22c6\"},\"potentialAction\":[{\"@type\":\"SearchAction\",\"target\":{\"@type\":\"EntryPoint\",\"urlTemplate\":\"https:\\\/\\\/clavet.org\\\/blog1\\\/?s={search_term_string}\"},\"query-input\":{\"@type\":\"PropertyValueSpecification\",\"valueRequired\":true,\"valueName\":\"search_term_string\"}}],\"inLanguage\":\"fr-FR\"},{\"@type\":[\"Person\",\"Organization\"],\"@id\":\"https:\\\/\\\/clavet.org\\\/blog1\\\/#\\\/schema\\\/person\\\/a46dfc50ff02f8dc37fd0b6f2e3a22c6\",\"name\":\"Christian Clavet\",\"image\":{\"@type\":\"ImageObject\",\"inLanguage\":\"fr-FR\",\"@id\":\"https:\\\/\\\/clavet.org\\\/blog1\\\/wp-content\\\/uploads\\\/2025\\\/06\\\/design-sans-titre-2024-08-14t122257.webp\",\"url\":\"https:\\\/\\\/clavet.org\\\/blog1\\\/wp-content\\\/uploads\\\/2025\\\/06\\\/design-sans-titre-2024-08-14t122257.webp\",\"contentUrl\":\"https:\\\/\\\/clavet.org\\\/blog1\\\/wp-content\\\/uploads\\\/2025\\\/06\\\/design-sans-titre-2024-08-14t122257.webp\",\"width\":1280,\"height\":720,\"caption\":\"Christian Clavet\"},\"logo\":{\"@id\":\"https:\\\/\\\/clavet.org\\\/blog1\\\/wp-content\\\/uploads\\\/2025\\\/06\\\/design-sans-titre-2024-08-14t122257.webp\"},\"sameAs\":[\"http:\\\/\\\/www.clavet.org\"],\"url\":\"https:\\\/\\\/clavet.org\\\/blog1\\\/author\\\/admin\\\/\"}]}<\/script>\n<!-- \/ Yoast SEO plugin. -->","yoast_head_json":{"title":"Une chanson sur le travail pour mes confr\u00e8res... - Christian Clavet","description":"Musique, spanish pop","robots":{"index":"index","follow":"follow","max-snippet":"max-snippet:-1","max-image-preview":"max-image-preview:large","max-video-preview":"max-video-preview:-1"},"canonical":"https:\/\/clavet.org\/blog1\/une-chanson-sur-le-travail-pour-mes-confreres\/","og_locale":"fr_FR","og_type":"article","og_title":"Une chanson sur le travail pour mes confr\u00e8res... - Christian Clavet","og_description":"Musique, spanish pop","og_url":"https:\/\/clavet.org\/blog1\/une-chanson-sur-le-travail-pour-mes-confreres\/","og_site_name":"Christian Clavet","article_published_time":"2026-04-21T21:49:21+00:00","article_modified_time":"2026-04-21T21:49:23+00:00","og_image":[{"width":360,"height":360,"url":"https:\/\/clavet.org\/blog1\/wp-content\/uploads\/2026\/04\/Rapido-como-un-rayo-mp3-image.jpg","type":"image\/jpeg"}],"author":"Christian Clavet","twitter_card":"summary_large_image","twitter_misc":{"\u00c9crit par":"Christian Clavet","Dur\u00e9e de lecture estim\u00e9e":"1 minute"},"schema":{"@context":"https:\/\/schema.org","@graph":[{"@type":"Article","@id":"https:\/\/clavet.org\/blog1\/une-chanson-sur-le-travail-pour-mes-confreres\/#article","isPartOf":{"@id":"https:\/\/clavet.org\/blog1\/une-chanson-sur-le-travail-pour-mes-confreres\/"},"author":{"name":"Christian Clavet","@id":"https:\/\/clavet.org\/blog1\/#\/schema\/person\/a46dfc50ff02f8dc37fd0b6f2e3a22c6"},"headline":"Une chanson sur le travail pour mes confr\u00e8res&#8230;","datePublished":"2026-04-21T21:49:21+00:00","dateModified":"2026-04-21T21:49:23+00:00","mainEntityOfPage":{"@id":"https:\/\/clavet.org\/blog1\/une-chanson-sur-le-travail-pour-mes-confreres\/"},"wordCount":835,"commentCount":0,"publisher":{"@id":"https:\/\/clavet.org\/blog1\/#\/schema\/person\/a46dfc50ff02f8dc37fd0b6f2e3a22c6"},"image":{"@id":"https:\/\/clavet.org\/blog1\/une-chanson-sur-le-travail-pour-mes-confreres\/#primaryimage"},"thumbnailUrl":"https:\/\/clavet.org\/blog1\/wp-content\/uploads\/2026\/04\/Rapido-como-un-rayo-mp3-image.jpg","articleSection":["Intelligence artificielle (AI)","Musique AI"],"inLanguage":"fr-FR","potentialAction":[{"@type":"CommentAction","name":"Comment","target":["https:\/\/clavet.org\/blog1\/une-chanson-sur-le-travail-pour-mes-confreres\/#respond"]}]},{"@type":"WebPage","@id":"https:\/\/clavet.org\/blog1\/une-chanson-sur-le-travail-pour-mes-confreres\/","url":"https:\/\/clavet.org\/blog1\/une-chanson-sur-le-travail-pour-mes-confreres\/","name":"Une chanson sur le travail pour mes confr\u00e8res... - Christian Clavet","isPartOf":{"@id":"https:\/\/clavet.org\/blog1\/#website"},"primaryImageOfPage":{"@id":"https:\/\/clavet.org\/blog1\/une-chanson-sur-le-travail-pour-mes-confreres\/#primaryimage"},"image":{"@id":"https:\/\/clavet.org\/blog1\/une-chanson-sur-le-travail-pour-mes-confreres\/#primaryimage"},"thumbnailUrl":"https:\/\/clavet.org\/blog1\/wp-content\/uploads\/2026\/04\/Rapido-como-un-rayo-mp3-image.jpg","datePublished":"2026-04-21T21:49:21+00:00","dateModified":"2026-04-21T21:49:23+00:00","description":"Musique, spanish pop","breadcrumb":{"@id":"https:\/\/clavet.org\/blog1\/une-chanson-sur-le-travail-pour-mes-confreres\/#breadcrumb"},"inLanguage":"fr-FR","potentialAction":[{"@type":"ReadAction","target":["https:\/\/clavet.org\/blog1\/une-chanson-sur-le-travail-pour-mes-confreres\/"]}]},{"@type":"ImageObject","inLanguage":"fr-FR","@id":"https:\/\/clavet.org\/blog1\/une-chanson-sur-le-travail-pour-mes-confreres\/#primaryimage","url":"https:\/\/clavet.org\/blog1\/wp-content\/uploads\/2026\/04\/Rapido-como-un-rayo-mp3-image.jpg","contentUrl":"https:\/\/clavet.org\/blog1\/wp-content\/uploads\/2026\/04\/Rapido-como-un-rayo-mp3-image.jpg","width":360,"height":360,"caption":"Rapide comme l'\u00e9clair"},{"@type":"BreadcrumbList","@id":"https:\/\/clavet.org\/blog1\/une-chanson-sur-le-travail-pour-mes-confreres\/#breadcrumb","itemListElement":[{"@type":"ListItem","position":1,"name":"Accueil","item":"https:\/\/clavet.org\/blog1\/"},{"@type":"ListItem","position":2,"name":"Une chanson sur le travail pour mes confr\u00e8res&#8230;"}]},{"@type":"WebSite","@id":"https:\/\/clavet.org\/blog1\/#website","url":"https:\/\/clavet.org\/blog1\/","name":"Christian Clavet","description":"Blogue personnel","publisher":{"@id":"https:\/\/clavet.org\/blog1\/#\/schema\/person\/a46dfc50ff02f8dc37fd0b6f2e3a22c6"},"potentialAction":[{"@type":"SearchAction","target":{"@type":"EntryPoint","urlTemplate":"https:\/\/clavet.org\/blog1\/?s={search_term_string}"},"query-input":{"@type":"PropertyValueSpecification","valueRequired":true,"valueName":"search_term_string"}}],"inLanguage":"fr-FR"},{"@type":["Person","Organization"],"@id":"https:\/\/clavet.org\/blog1\/#\/schema\/person\/a46dfc50ff02f8dc37fd0b6f2e3a22c6","name":"Christian Clavet","image":{"@type":"ImageObject","inLanguage":"fr-FR","@id":"https:\/\/clavet.org\/blog1\/wp-content\/uploads\/2025\/06\/design-sans-titre-2024-08-14t122257.webp","url":"https:\/\/clavet.org\/blog1\/wp-content\/uploads\/2025\/06\/design-sans-titre-2024-08-14t122257.webp","contentUrl":"https:\/\/clavet.org\/blog1\/wp-content\/uploads\/2025\/06\/design-sans-titre-2024-08-14t122257.webp","width":1280,"height":720,"caption":"Christian Clavet"},"logo":{"@id":"https:\/\/clavet.org\/blog1\/wp-content\/uploads\/2025\/06\/design-sans-titre-2024-08-14t122257.webp"},"sameAs":["http:\/\/www.clavet.org"],"url":"https:\/\/clavet.org\/blog1\/author\/admin\/"}]}},"_links":{"self":[{"href":"https:\/\/clavet.org\/blog1\/wp-json\/wp\/v2\/posts\/996","targetHints":{"allow":["GET"]}}],"collection":[{"href":"https:\/\/clavet.org\/blog1\/wp-json\/wp\/v2\/posts"}],"about":[{"href":"https:\/\/clavet.org\/blog1\/wp-json\/wp\/v2\/types\/post"}],"author":[{"embeddable":true,"href":"https:\/\/clavet.org\/blog1\/wp-json\/wp\/v2\/users\/1"}],"replies":[{"embeddable":true,"href":"https:\/\/clavet.org\/blog1\/wp-json\/wp\/v2\/comments?post=996"}],"version-history":[{"count":1,"href":"https:\/\/clavet.org\/blog1\/wp-json\/wp\/v2\/posts\/996\/revisions"}],"predecessor-version":[{"id":999,"href":"https:\/\/clavet.org\/blog1\/wp-json\/wp\/v2\/posts\/996\/revisions\/999"}],"wp:featuredmedia":[{"embeddable":true,"href":"https:\/\/clavet.org\/blog1\/wp-json\/wp\/v2\/media\/998"}],"wp:attachment":[{"href":"https:\/\/clavet.org\/blog1\/wp-json\/wp\/v2\/media?parent=996"}],"wp:term":[{"taxonomy":"category","embeddable":true,"href":"https:\/\/clavet.org\/blog1\/wp-json\/wp\/v2\/categories?post=996"},{"taxonomy":"post_tag","embeddable":true,"href":"https:\/\/clavet.org\/blog1\/wp-json\/wp\/v2\/tags?post=996"}],"curies":[{"name":"wp","href":"https:\/\/api.w.org\/{rel}","templated":true}]}}